{"id":572,"date":"2014-12-02T09:17:53","date_gmt":"2014-12-02T08:17:53","guid":{"rendered":"http:\/\/alma.splet.arnes.si\/?p=572"},"modified":"2014-12-09T18:39:23","modified_gmt":"2014-12-09T17:39:23","slug":"volkovi-v-sloveniji","status":"publish","type":"post","link":"https:\/\/alma.splet.arnes.si\/?p=572","title":{"rendered":"VOLKOVI V SLOVENIJI"},"content":{"rendered":"<p>Projekt LIFE+ SloWolf, ki je pri\u010del z na\u010drtovani aktivnostmi 1. januarja 2010 in bo trajal vse do konca leta 2013.<img decoding=\"async\" title=\"Read More...\" src=\"image\/gif;base64,R0lGODlhAQABAIAAAAAAAP\/\/\/yH5BAEAAAAALAAAAAABAAEAAAIBRAA7\" alt=\"\" \/><\/p>\n<p>Cilj projekta je dolgoro\u010dno ohranjanje populacije volkov, njihovega glavnega plena in \u017eivljenjskih prostorov v Sloveniji ter izbolj\u0161anje njihovega sobivanja z ljudmi. Volkovi so naravni plenilci prosto\u017eive\u010dih parkljarjev v na\u0161ih gozdovih. \u017divijo v tropih in potrebujejo velik \u017eivljenjski prostor. Mnogo pomembnih podrobnosti iz njihovega \u017eivljenja, na primer \u0161tevilo \u017eivali v povpre\u010dnem tropu, \u0161tevilo tropov in velikosti njihovih teritorijev pri nas, zaenkrat \u0161e ne poznamo. Tudi odnos ljudi do volkov je zelo razli\u010den. Posamezne skupine ljudi, kot so na primer lovci in \u017eivinorejci, lahko pridejo zaradi plenjenja divjadi ali drobnice z volkom v konflikt. Po drugi strani pa volka vse pogosteje razumemo kot simbol divjine in neokrnjene narave. Obstoj volkov v Sloveniji je odvisen od vrste dejavnikov, ki jih bomo v projektu posku\u0161ali najprej preu\u010diti, nato pa zbrano znanje vklju\u010diti v uspe\u0161no varstvo in upravljanje s to karizmati\u010dno veliko zverjo.<\/p>\n<p>[button link=&#8221;http:\/\/www.volkovi.si\/?lang=sl&#8221; icon=&#8221;arrow-right&#8221; color=&#8221;silver&#8221; text=&#8221;dark&#8221; window=&#8221;yes&#8221;]SPLETNA STRAN: SLO-WOLF[\/button]<\/p>\n<p>&nbsp;<\/p>\n","protected":false},"excerpt":{"rendered":"<p>Projekt LIFE+ SloWolf, ki je pri\u010del z na\u010drtovani aktivnostmi 1. januarja 2010 in bo trajal vse do konca leta 2013. Cilj projekta je dolgoro\u010dno ohranjanje populacije volkov, njihovega glavnega plena in \u017eivljenjskih prostorov v&#46;&#46;&#46;<\/p>\n","protected":false},"author":274,"featured_media":675,"comment_status":"closed","ping_status":"closed","sticky":false,"template":"","format":"standard","meta":{"ngg_post_thumbnail":0,"footnotes":""},"categories":[38],"tags":[196,185,195],"class_list":["post-572","post","type-post","status-publish","format-standard","has-post-thumbnail","hentry","category-zanimivosti","tag-projekt","tag-slovenija","tag-volk"],"_links":{"self":[{"href":"https:\/\/alma.splet.arnes.si\/index.php?rest_route=\/wp\/v2\/posts\/572","targetHints":{"allow":["GET"]}}],"collection":[{"href":"https:\/\/alma.splet.arnes.si\/index.php?rest_route=\/wp\/v2\/posts"}],"about":[{"href":"https:\/\/alma.splet.arnes.si\/index.php?rest_route=\/wp\/v2\/types\/post"}],"author":[{"embeddable":true,"href":"https:\/\/alma.splet.arnes.si\/index.php?rest_route=\/wp\/v2\/users\/274"}],"replies":[{"embeddable":true,"href":"https:\/\/alma.splet.arnes.si\/index.php?rest_route=%2Fwp%2Fv2%2Fcomments&post=572"}],"version-history":[{"count":3,"href":"https:\/\/alma.splet.arnes.si\/index.php?rest_route=\/wp\/v2\/posts\/572\/revisions"}],"predecessor-version":[{"id":676,"href":"https:\/\/alma.splet.arnes.si\/index.php?rest_route=\/wp\/v2\/posts\/572\/revisions\/676"}],"wp:featuredmedia":[{"embeddable":true,"href":"https:\/\/alma.splet.arnes.si\/index.php?rest_route=\/wp\/v2\/media\/675"}],"wp:attachment":[{"href":"https:\/\/alma.splet.arnes.si\/index.php?rest_route=%2Fwp%2Fv2%2Fmedia&parent=572"}],"wp:term":[{"taxonomy":"category","embeddable":true,"href":"https:\/\/alma.splet.arnes.si\/index.php?rest_route=%2Fwp%2Fv2%2Fcategories&post=572"},{"taxonomy":"post_tag","embeddable":true,"href":"https:\/\/alma.splet.arnes.si\/index.php?rest_route=%2Fwp%2Fv2%2Ftags&post=572"}],"curies":[{"name":"wp","href":"https:\/\/api.w.org\/{rel}","templated":true}]}}